
{"id":4328,"date":"2019-03-12T12:12:29","date_gmt":"2019-03-12T12:12:29","guid":{"rendered":"https:\/\/eu.mydrap.com\/blog\/nuevas-colecciones-my-drap-manteles-individuales-y-servilletas-de-tela-con-mas-algodon-reciclado\/"},"modified":"2022-10-04T13:09:23","modified_gmt":"2022-10-04T13:09:23","slug":"nuevas-colecciones-my-drap-manteles-individuales-y-servilletas-de-tela-con-mas-algodon-reciclado","status":"publish","type":"post","link":"https:\/\/eu.mydrap.com\/es\/blog\/nuevas-colecciones-my-drap-manteles-individuales-y-servilletas-de-tela-con-mas-algodon-reciclado\/","title":{"rendered":"\u00a1Nuevas colecciones MY DRAP! Manteles individuales y servilletas de tela con m\u00e1s algod\u00f3n reciclado"},"content":{"rendered":"<p>Falta muy poco para el inicio de la primavera y con ella llegar\u00e1 un estallido de colores y alegr\u00eda. Sin duda, un buen momento para presentarte las<strong> nuevas colecciones MY DRAP: manteles individuales y servilletas de tela con dise\u00f1os frescos y originales.<\/strong> \u00a1Desc\u00fabrelos y te sorprender\u00e1s!<\/p>\n<p>Ya sea para una celebraci\u00f3n especial o para tus comidas del d\u00eda a d\u00eda, MY DRAP te trae las \u00faltimas tendencias de decoraci\u00f3n en la mesa. Y es que junto a tus colecciones preferidas ahora encontrar\u00e1s nuevos estampados y colores para crear un espacio \u00fanico.<\/p>\n<p>Y todo ello sin renunciar a la naturaleza de MY DRAP: <a href=\"\/?tipologia_producto=manteles-individuales\">manteles individuales<\/a> y <a href=\"\/?tipologia_producto=servilletas-de-tela\">servilletas de tela<\/a> 100% algod\u00f3n o lino, en pr\u00e1cticos rollos precortados y lavables. Adem\u00e1s, <strong>fieles a nuestro compromiso con la sostenibilidad hemos incorporado m\u00e1s productos fabricados en algod\u00f3n reciclado. \u00bfA\u00fan no los has probado?<\/strong><\/p>\n<h2>Colecci\u00f3n ANIMAL PRINT<\/h2>\n<p><img loading=\"lazy\" decoding=\"async\" class=\"alignnone size-medium\" src=\"https:\/\/eu.mydrap.com\/wp-content\/uploads\/img_blog_small_01-7.png\" width=\"355\" height=\"302\" \/><\/p>\n<p>A las populares colecciones <a href=\"\/?coleccion=coleccion-veggie\">Veggie<\/a> y <a href=\"\/?coleccion=coleccion-ocean\">Ocean<\/a>, con ilustraciones de hortalizas y animales marinos, le a\u00f1adimos la colecci\u00f3n <strong>Animal Print, tambi\u00e9n en algod\u00f3n reciclado. En esta ocasi\u00f3n encontramos el cl\u00e1sico estampado animal en tonos negro y curry sobre un fondo de color crudo.<\/strong> Puedes crear diferentes combinaciones jugando con manteles individuales y servilletas de tela de color liso, en negro o curry.La colecci\u00f3n Animal Print es ideal para:<\/p>\n<ul>\n<li>Una comida especial con tus amigos<\/li>\n<li>Combinar con una vajilla blanca o negra, seg\u00fan el ambiente que desees crear.<\/li>\n<li>Descubrir el <a href=\"http:\/\/mydrap.com\/blog\/algodon-reciclado-complemento-perfecto-momento-slow-food\/\">algod\u00f3n reciclado<\/a>, suave y agradable al tacto, adem\u00e1s de respetuoso con el medio ambiente.<\/li>\n<\/ul>\n<h2>Colecci\u00f3n SUNNY DAYS<\/h2>\n<p><img loading=\"lazy\" decoding=\"async\" class=\"alignnone size-medium\" src=\"https:\/\/eu.mydrap.com\/wp-content\/uploads\/img_blog_small_02-7.png\" width=\"355\" height=\"302\" \/><\/p>\n<p><strong>Otra de las novedades en algod\u00f3n reciclado es la luminosa colecci\u00f3n Sunny Days, manteles individuales y servilletas de tela con un fondo crudo y estampados con finas l\u00edneas y puntos de color curry y azul.<\/strong> Un dise\u00f1o visualmente equilibrado pero sin perder ese toque artesanal que dar\u00e1 un toque de lo m\u00e1s c\u00e1lido en la mesa. Tambi\u00e9n puedes completar la decoraci\u00f3n de mesas con servilletas de tela a juego, de color curry o azul petr\u00f3leo.La colecci\u00f3n Sunny Days en algod\u00f3n reciclado est\u00e1 especialmente recomendada para:<\/p>\n<ul>\n<li>Mesas r\u00fasticas, de madera y con ingredientes naturales y de proximidad<\/li>\n<li>Aportar luminosidad y alegr\u00eda en la comida<\/li>\n<li>Disfrutarla durante todo el a\u00f1o: seg\u00fan la combinaci\u00f3n con servilletas de color curry o azul le puedes dar un toque m\u00e1s c\u00e1lido o fresco, seg\u00fan el momento \ud83d\ude09<\/li>\n<\/ul>\n<h2>Colecci\u00f3n WHITE PLAID<\/h2>\n<p><img loading=\"lazy\" decoding=\"async\" class=\"alignnone size-medium\" src=\"https:\/\/eu.mydrap.com\/wp-content\/uploads\/img_blog_small_03-6.png\" width=\"355\" height=\"302\" \/><\/p>\n<p>Y seguimos con las propuestas de <strong>manteles individuales y servilletas de tela de algod\u00f3n reciclado, en esta ocasi\u00f3n sobre fondo blanco<\/strong>. Se trata de la colecci\u00f3n White Plaid, una elegante combinaci\u00f3n de l\u00edneas de tres colores (curry, azul petr\u00f3leo y verde ingl\u00e9s) como dec\u00edamos en un fondo blanco. Una cuadr\u00edcula original y sofisticada que puedes acompa\u00f1ar con servilletas de tela de color verde ingl\u00e9s o azul petr\u00f3leo, de la colecci\u00f3n Basics de MY DRAP. \u00bfUna buena ocasi\u00f3n para estrenar la colecci\u00f3n White Plaid?<\/p>\n<ul>\n<li>Una reuni\u00f3n de negocios, en un ambiente elegante pero relajado.<\/li>\n<li>El cumplea\u00f1os de tus padres o abuelos, les encantar\u00e1 este estampado m\u00e1s cl\u00e1sico ahora disponible tambi\u00e9n en algod\u00f3n reciclado \ud83d\ude09<\/li>\n<li>Una comida al aire libre en la que quieras sorprender con una cuadr\u00edcula diferente al cl\u00e1sico rojo y blanco.<\/li>\n<\/ul>\n<h2>Colecci\u00f3n GREEN TARTAN<\/h2>\n<p><img loading=\"lazy\" decoding=\"async\" class=\"alignnone size-medium\" src=\"https:\/\/eu.mydrap.com\/wp-content\/uploads\/img_blog_small_04-4.png\" width=\"355\" height=\"302\" \/><\/p>\n<p>Y si lo tuyo son las cuadr\u00edculas y el color verde tenemos la colecci\u00f3n perfecta para tus celebraciones m\u00e1s especiales: <strong>Green Tartan, manteles individuales y servilletas de tela con una nueva versi\u00f3n del cl\u00e1sico estampado escoc\u00e9s sobre un fondo de color verde ingl\u00e9s.<\/strong><\/p>\n<p>La colecci\u00f3n Green Tartan es perfecta para:<\/p>\n<ul>\n<li>Celebrar el D\u00eda del Padre, ya sea el 19 de marzo o en cualquier otro momento \ud83d\ude09<\/li>\n<li>La decoraci\u00f3n de mesas de Navidad: \u00a1la combinaci\u00f3n del verde con las rayas curry y rojo son perfectas para estas fechas!<\/li>\n<li>Vestir, en definitiva, una mesa elegante y con un toque de distinci\u00f3n<\/li>\n<\/ul>\n<h2>Colecci\u00f3n SILVER WOOD y GOLDEN WOOD<\/h2>\n<p><img loading=\"lazy\" decoding=\"async\" class=\"alignnone size-medium\" src=\"https:\/\/eu.mydrap.com\/wp-content\/uploads\/img_blog_small_05-4.png\" width=\"355\" height=\"302\" \/><\/p>\n<p>\u00bfM\u00e1s colecciones para celebrar una ocasi\u00f3n especial? <strong>La Silver Wood y la Golden Wood, inspiradas en el dibujo de la corteza del \u00e1rbol y los nudos de la madera.<\/strong> Una textura de origen natural que encontrar\u00e1s en color plateado y dorado, siempre sobre un distinguido color blanco. Un perfecto contraste entre lo r\u00fastico y lo elegante, \u00a1un dise\u00f1o \u00fanico para sorprender a tus comensales con originales manteles individuales y servilletas de tela!<\/p>\n<p>No dudes en utilizar las colecciones Silver y Golden Wood para:<\/p>\n<ul>\n<li>Impresionar a tu pareja en una cena rom\u00e1ntica<\/li>\n<li>Celebrar un d\u00eda \u00fanico: \u00bfte atreves a organizar una <a href=\"http:\/\/mydrap.com\/blog\/decoracion-mesas-bodas-campo\/\">boda en el campo<\/a>?<\/li>\n<li>Todas aquellas ocasiones especiales que puedas imaginar: aniversario de bodas, bautizos y comuniones, celebraci\u00f3n de fin de a\u00f1o, Navidad&#8230;<\/li>\n<\/ul>\n<h2>Colecci\u00f3n VIVO<\/h2>\n<p><img loading=\"lazy\" decoding=\"async\" class=\"alignnone size-medium\" src=\"https:\/\/eu.mydrap.com\/wp-content\/uploads\/img_blog_small_06-3.png\" width=\"355\" height=\"302\" \/><\/p>\n<p>Si te gustan los colores brillantes, no dejes escapar tampoco <strong>la nueva colecci\u00f3n Vivo, con un cuidado dise\u00f1o geom\u00e9trico en dorado y sobre una base de color crudo. En esta ocasi\u00f3n se trata de manteles individuales y <a href=\"http:\/\/mydrap.com\/blog\/servilletas-lino-toque-elegancia-la-mesa\/\">servilletas de lino<\/a><\/strong>, para conseguir un toque todav\u00eda m\u00e1s elegante en tu mesa.<\/p>\n<p>La colecci\u00f3n Vivo es lo que est\u00e1s buscando si:<\/p>\n<ul>\n<li>Te gustan las formas geom\u00e9tricas<\/li>\n<li>Buscas crear un ambiente c\u00e1lido y elegante<\/li>\n<li>Est\u00e1s pensando en una decoraci\u00f3n de mesas de estilo n\u00f3rdico para un momento especial: <a href=\"http:\/\/mydrap.com\/blog\/decoracion-de-mesas-segun-el-lagom\/\">\u00bfConoces el Lagom, el secreto de la felicidad sueca?<\/a><\/li>\n<\/ul>\n<h2>Colecci\u00f3n TEA FLOWERS<\/h2>\n<p><img loading=\"lazy\" decoding=\"async\" class=\"alignnone size-medium\" src=\"https:\/\/eu.mydrap.com\/wp-content\/uploads\/img_blog_small_07.png\" width=\"355\" height=\"302\" \/><\/p>\n<p>Olvidemos ahora por un momento los d\u00edas especiales y centr\u00e9monos en conseguir un d\u00eda a d\u00eda \u00fanico. \u00bfC\u00f3mo? Con peque\u00f1os detalles como <strong>las servilletas de tela de la colecci\u00f3n Tea Flowers, uno de los estampados floreados m\u00e1s cl\u00e1sicos, ahora en un suave y atractivo color azul niebla<\/strong>, \u00a1otra de nuestras novedades!<\/p>\n<p>\u00bfCu\u00e1ndo puedes utilizar la colecci\u00f3n Tea Flowers?<\/p>\n<ul>\n<li>Para disfrutar de unas horas de conversaci\u00f3n tranquila con tus amigas.<\/li>\n<li>Para una merienda en casa o al aire libre.<\/li>\n<li>Para sorprender a tus invitados, tambi\u00e9n aquellos que se presentan a tomar algo de forma espont\u00e1nea.<\/li>\n<\/ul>\n<h2>Colecci\u00f3n AZUL NIEBLA<\/h2>\n<p><img loading=\"lazy\" decoding=\"async\" class=\"alignnone size-medium\" src=\"https:\/\/eu.mydrap.com\/wp-content\/uploads\/img_blog_small_08.png\" width=\"355\" height=\"302\" \/><\/p>\n<p>Como te explic\u00e1bamos, otra de las novedades es <strong>el color Azul Niebla, que tambi\u00e9n puedes disfrutar en manteles individuales y servilletas de tela de color liso.<\/strong> Una apuesta interesante si te gustan las decoraciones de mesa monocolor, o si quieres jugar a combinar tonalidades con otros productos de la colecci\u00f3n Basics.<\/p>\n<p>Algunos colores para conjuntar con la nueva colecci\u00f3n Azul Niebla:<\/p>\n<ul>\n<li>Natural, con algod\u00f3n reciclado para crear un ambiente relajado y 100% \u201c<a href=\"http:\/\/mydrap.com\/blog\/algodon-reciclado-complemento-perfecto-momento-slow-food\/\">slow food<\/a>\u201d<\/li>\n<li>Petr\u00f3leo, para conseguir un elegante contraste de colores azules.<\/li>\n<li>Crudo, con servilletas de lino, si buscas un detalle diferente en tu mesa.<\/li>\n<\/ul>\n<h2>Colecci\u00f3n ROSA PALO<\/h2>\n<p><img loading=\"lazy\" decoding=\"async\" class=\"alignnone size-medium\" src=\"https:\/\/eu.mydrap.com\/wp-content\/uploads\/img_blog_small_09.png\" width=\"355\" height=\"302\" \/><\/p>\n<p>Y precisamente en la colecci\u00f3n Basics encontrar\u00e1s tambi\u00e9n otra de nuestras nuevas propuestas: <strong>el color Rosa Palo, manteles individuales y servilletas de tela que tambi\u00e9n puedes combinar con otras tonalidades o utilizar para una mesa monocolor con car\u00e1cter y personalidad.<\/strong><\/p>\n<p>Como te explicamos en nuestro art\u00edculo sobre la <a href=\"http:\/\/mydrap.com\/blog\/manteles-individuales-servilletas-tela-mucho-color\/\">psicolog\u00eda del color<\/a>, recuerda que el Rosa Palo es perfecto para:<\/p>\n<ul>\n<li>Crear un <a href=\"http:\/\/mydrap.com\/blog\/como-vestir-la-mesa-para-una-cena-romantica\/\">ambiente rom\u00e1ntico.<\/a><\/li>\n<li><a href=\"http:\/\/mydrap.com\/blog\/vestir-una-mesa-primavera\/\">Vestir una mesa de primavera<\/a><\/li>\n<li>La decoraci\u00f3n de mesas de una fiesta infantil<\/li>\n<\/ul>\n<p>En este art\u00edculo te hemos presentado \u00fanicamente las nuevas colecciones 2019-2020. Si quieres <strong>descubrir toda nuestra oferta de manteles individuales y servilletas de tela \u00a1entra ahora en nuestra <a href=\"http:\/\/mydrap.com\/\">p\u00e1gina web<\/a>!<\/strong> Puedes encontrar los productos que m\u00e1s se ajustan a tus necesidades filtrando por usos, colores o tipos de tejido, entre otras opciones.<\/p>\n<p>Y si todav\u00eda no lo has hecho, <strong>\u00a1prueba nuestras propuestas en algod\u00f3n reciclado, una apuesta sostenible y con el mismo tacto, apariencia y durabilidad que las servilletas convencionales!<\/strong><\/p>\n","protected":false},"excerpt":{"rendered":"<p>Falta muy poco para el inicio de la primavera y con ella llegar\u00e1 un estallido de colores y alegr\u00eda. Sin duda, un buen momento para presentarte las nuevas colecciones MY DRAP: manteles individuales y servilletas de tela con dise\u00f1os frescos y originales. \u00a1Desc\u00fabrelos y te sorprender\u00e1s!<\/p>\n","protected":false},"author":1,"featured_media":4329,"comment_status":"open","ping_status":"open","sticky":false,"template":"","format":"standard","meta":{"_acf_changed":false,"mc4wp_mailchimp_campaign":[],"footnotes":""},"categories":[39],"tags":[129,130,131,133],"class_list":["post-4328","post","type-post","status-publish","format-standard","has-post-thumbnail","hentry","category-decoracion-de-mesas","tag-servilletas-de-tela","tag-manteles-individuales","tag-decoracion-de-la-mesa","tag-decoracion-de-fiestas"],"acf":[],"yoast_head":"<!-- This site is optimized with the Yoast SEO plugin v27.4 - https:\/\/yoast.com\/product\/yoast-seo-wordpress\/ -->\n<title>\u00a1Nuevas colecciones MY DRAP! Manteles individuales y servilletas de tela con m\u00e1s algod\u00f3n reciclado - MY DRAP<\/title>\n<meta name=\"description\" content=\"Falta muy poco para el inicio de la primavera y con ella llegar\u00e1 un estallido de colores y alegr\u00eda. Sin duda, un buen momento para presentarte las nuevas colecciones MY DRAP: manteles individuales y servilletas de tela con dise\u00f1os frescos y originales. \u00a1Desc\u00fabrelos y te sorprender\u00e1s!\" \/>\n<meta name=\"robots\" content=\"index, follow, max-snippet:-1, max-image-preview:large, max-video-preview:-1\" \/>\n<link rel=\"canonical\" href=\"https:\/\/eu.mydrap.com\/es\/blog\/nuevas-colecciones-my-drap-manteles-individuales-y-servilletas-de-tela-con-mas-algodon-reciclado\/\" \/>\n<meta property=\"og:locale\" content=\"es_ES\" \/>\n<meta property=\"og:type\" content=\"article\" \/>\n<meta property=\"og:title\" content=\"\u00a1Nuevas colecciones MY DRAP! Manteles individuales y servilletas de tela con m\u00e1s algod\u00f3n reciclado - MY DRAP\" \/>\n<meta property=\"og:description\" content=\"Falta muy poco para el inicio de la primavera y con ella llegar\u00e1 un estallido de colores y alegr\u00eda. Sin duda, un buen momento para presentarte las nuevas colecciones MY DRAP: manteles individuales y servilletas de tela con dise\u00f1os frescos y originales. \u00a1Desc\u00fabrelos y te sorprender\u00e1s!\" \/>\n<meta property=\"og:url\" content=\"https:\/\/eu.mydrap.com\/es\/blog\/nuevas-colecciones-my-drap-manteles-individuales-y-servilletas-de-tela-con-mas-algodon-reciclado\/\" \/>\n<meta property=\"og:site_name\" content=\"MY DRAP\" \/>\n<meta property=\"article:published_time\" content=\"2019-03-12T12:12:29+00:00\" \/>\n<meta property=\"article:modified_time\" content=\"2022-10-04T13:09:23+00:00\" \/>\n<meta property=\"og:image\" content=\"https:\/\/eu.mydrap.com\/wp-content\/uploads\/img_blog_portada-7.png\" \/>\n\t<meta property=\"og:image:width\" content=\"640\" \/>\n\t<meta property=\"og:image:height\" content=\"350\" \/>\n\t<meta property=\"og:image:type\" content=\"image\/png\" \/>\n<meta name=\"author\" content=\"emfasi\" \/>\n<meta name=\"twitter:card\" content=\"summary_large_image\" \/>\n<meta name=\"twitter:label1\" content=\"Escrito por\" \/>\n\t<meta name=\"twitter:data1\" content=\"emfasi\" \/>\n\t<meta name=\"twitter:label2\" content=\"Tiempo de lectura\" \/>\n\t<meta name=\"twitter:data2\" content=\"8 minutos\" \/>\n<script type=\"application\/ld+json\" class=\"yoast-schema-graph\">{\"@context\":\"https:\\\/\\\/schema.org\",\"@graph\":[{\"@type\":\"Article\",\"@id\":\"https:\\\/\\\/eu.mydrap.com\\\/es\\\/blog\\\/nuevas-colecciones-my-drap-manteles-individuales-y-servilletas-de-tela-con-mas-algodon-reciclado\\\/#article\",\"isPartOf\":{\"@id\":\"https:\\\/\\\/eu.mydrap.com\\\/es\\\/blog\\\/nuevas-colecciones-my-drap-manteles-individuales-y-servilletas-de-tela-con-mas-algodon-reciclado\\\/\"},\"author\":{\"name\":\"emfasi\",\"@id\":\"https:\\\/\\\/eu.mydrap.com\\\/es\\\/#\\\/schema\\\/person\\\/f140827b49cacca2e9e4a3973a3b9a21\"},\"headline\":\"\u00a1Nuevas colecciones MY DRAP! Manteles individuales y servilletas de tela con m\u00e1s algod\u00f3n reciclado\",\"datePublished\":\"2019-03-12T12:12:29+00:00\",\"dateModified\":\"2022-10-04T13:09:23+00:00\",\"mainEntityOfPage\":{\"@id\":\"https:\\\/\\\/eu.mydrap.com\\\/es\\\/blog\\\/nuevas-colecciones-my-drap-manteles-individuales-y-servilletas-de-tela-con-mas-algodon-reciclado\\\/\"},\"wordCount\":1353,\"commentCount\":9,\"publisher\":{\"@id\":\"https:\\\/\\\/eu.mydrap.com\\\/es\\\/#organization\"},\"image\":{\"@id\":\"https:\\\/\\\/eu.mydrap.com\\\/es\\\/blog\\\/nuevas-colecciones-my-drap-manteles-individuales-y-servilletas-de-tela-con-mas-algodon-reciclado\\\/#primaryimage\"},\"thumbnailUrl\":\"https:\\\/\\\/eu.mydrap.com\\\/wp-content\\\/uploads\\\/img_blog_portada-7.png\",\"keywords\":[\"Servilletas de tela\",\"Manteles individuales\",\"Decoraci\u00f3n de la mesa\",\"Decoraci\u00f3n de fiestas\"],\"articleSection\":[\"Decoraci\u00f3n de mesas\"],\"inLanguage\":\"es\",\"potentialAction\":[{\"@type\":\"CommentAction\",\"name\":\"Comment\",\"target\":[\"https:\\\/\\\/eu.mydrap.com\\\/es\\\/blog\\\/nuevas-colecciones-my-drap-manteles-individuales-y-servilletas-de-tela-con-mas-algodon-reciclado\\\/#respond\"]}]},{\"@type\":[\"WebPage\",\"ItemPage\"],\"@id\":\"https:\\\/\\\/eu.mydrap.com\\\/es\\\/blog\\\/nuevas-colecciones-my-drap-manteles-individuales-y-servilletas-de-tela-con-mas-algodon-reciclado\\\/\",\"url\":\"https:\\\/\\\/eu.mydrap.com\\\/es\\\/blog\\\/nuevas-colecciones-my-drap-manteles-individuales-y-servilletas-de-tela-con-mas-algodon-reciclado\\\/\",\"name\":\"\u00a1Nuevas colecciones MY DRAP! Manteles individuales y servilletas de tela con m\u00e1s algod\u00f3n reciclado - MY DRAP\",\"isPartOf\":{\"@id\":\"https:\\\/\\\/eu.mydrap.com\\\/es\\\/#website\"},\"primaryImageOfPage\":{\"@id\":\"https:\\\/\\\/eu.mydrap.com\\\/es\\\/blog\\\/nuevas-colecciones-my-drap-manteles-individuales-y-servilletas-de-tela-con-mas-algodon-reciclado\\\/#primaryimage\"},\"image\":{\"@id\":\"https:\\\/\\\/eu.mydrap.com\\\/es\\\/blog\\\/nuevas-colecciones-my-drap-manteles-individuales-y-servilletas-de-tela-con-mas-algodon-reciclado\\\/#primaryimage\"},\"thumbnailUrl\":\"https:\\\/\\\/eu.mydrap.com\\\/wp-content\\\/uploads\\\/img_blog_portada-7.png\",\"datePublished\":\"2019-03-12T12:12:29+00:00\",\"dateModified\":\"2022-10-04T13:09:23+00:00\",\"description\":\"Falta muy poco para el inicio de la primavera y con ella llegar\u00e1 un estallido de colores y alegr\u00eda. Sin duda, un buen momento para presentarte las nuevas colecciones MY DRAP: manteles individuales y servilletas de tela con dise\u00f1os frescos y originales. \u00a1Desc\u00fabrelos y te sorprender\u00e1s!\",\"breadcrumb\":{\"@id\":\"https:\\\/\\\/eu.mydrap.com\\\/es\\\/blog\\\/nuevas-colecciones-my-drap-manteles-individuales-y-servilletas-de-tela-con-mas-algodon-reciclado\\\/#breadcrumb\"},\"inLanguage\":\"es\",\"potentialAction\":[{\"@type\":\"ReadAction\",\"target\":[\"https:\\\/\\\/eu.mydrap.com\\\/es\\\/blog\\\/nuevas-colecciones-my-drap-manteles-individuales-y-servilletas-de-tela-con-mas-algodon-reciclado\\\/\"]}]},{\"@type\":\"ImageObject\",\"inLanguage\":\"es\",\"@id\":\"https:\\\/\\\/eu.mydrap.com\\\/es\\\/blog\\\/nuevas-colecciones-my-drap-manteles-individuales-y-servilletas-de-tela-con-mas-algodon-reciclado\\\/#primaryimage\",\"url\":\"https:\\\/\\\/eu.mydrap.com\\\/wp-content\\\/uploads\\\/img_blog_portada-7.png\",\"contentUrl\":\"https:\\\/\\\/eu.mydrap.com\\\/wp-content\\\/uploads\\\/img_blog_portada-7.png\",\"width\":1920,\"height\":1050},{\"@type\":\"BreadcrumbList\",\"@id\":\"https:\\\/\\\/eu.mydrap.com\\\/es\\\/blog\\\/nuevas-colecciones-my-drap-manteles-individuales-y-servilletas-de-tela-con-mas-algodon-reciclado\\\/#breadcrumb\",\"itemListElement\":[{\"@type\":\"ListItem\",\"position\":1,\"name\":\"Portada\",\"item\":\"https:\\\/\\\/eu.mydrap.com\\\/es\\\/\"},{\"@type\":\"ListItem\",\"position\":2,\"name\":\"\u00a1Nuevas colecciones MY DRAP! Manteles individuales y servilletas de tela con m\u00e1s algod\u00f3n reciclado\"}]},{\"@type\":\"WebSite\",\"@id\":\"https:\\\/\\\/eu.mydrap.com\\\/es\\\/#website\",\"url\":\"https:\\\/\\\/eu.mydrap.com\\\/es\\\/\",\"name\":\"MY DRAP\",\"description\":\"El detalle que marca la diferencia\",\"publisher\":{\"@id\":\"https:\\\/\\\/eu.mydrap.com\\\/es\\\/#organization\"},\"potentialAction\":[{\"@type\":\"SearchAction\",\"target\":{\"@type\":\"EntryPoint\",\"urlTemplate\":\"https:\\\/\\\/eu.mydrap.com\\\/es\\\/?s={search_term_string}\"},\"query-input\":{\"@type\":\"PropertyValueSpecification\",\"valueRequired\":true,\"valueName\":\"search_term_string\"}}],\"inLanguage\":\"es\"},{\"@type\":\"Organization\",\"@id\":\"https:\\\/\\\/eu.mydrap.com\\\/es\\\/#organization\",\"name\":\"MY DRAP\",\"url\":\"https:\\\/\\\/eu.mydrap.com\\\/es\\\/\",\"logo\":{\"@type\":\"ImageObject\",\"inLanguage\":\"es\",\"@id\":\"https:\\\/\\\/eu.mydrap.com\\\/es\\\/#\\\/schema\\\/logo\\\/image\\\/\",\"url\":\"https:\\\/\\\/eu.mydrap.com\\\/wp-content\\\/uploads\\\/logo_mydrap.png.webp\",\"contentUrl\":\"https:\\\/\\\/eu.mydrap.com\\\/wp-content\\\/uploads\\\/logo_mydrap.png.webp\",\"width\":182,\"height\":60,\"caption\":\"MY DRAP\"},\"image\":{\"@id\":\"https:\\\/\\\/eu.mydrap.com\\\/es\\\/#\\\/schema\\\/logo\\\/image\\\/\"}},{\"@type\":\"Person\",\"@id\":\"https:\\\/\\\/eu.mydrap.com\\\/es\\\/#\\\/schema\\\/person\\\/f140827b49cacca2e9e4a3973a3b9a21\",\"name\":\"emfasi\",\"sameAs\":[\"https:\\\/\\\/eu.mydrap.com\"]}]}<\/script>\n<!-- \/ Yoast SEO plugin. -->","yoast_head_json":{"title":"\u00a1Nuevas colecciones MY DRAP! Manteles individuales y servilletas de tela con m\u00e1s algod\u00f3n reciclado - MY DRAP","description":"Falta muy poco para el inicio de la primavera y con ella llegar\u00e1 un estallido de colores y alegr\u00eda. Sin duda, un buen momento para presentarte las nuevas colecciones MY DRAP: manteles individuales y servilletas de tela con dise\u00f1os frescos y originales. \u00a1Desc\u00fabrelos y te sorprender\u00e1s!","robots":{"index":"index","follow":"follow","max-snippet":"max-snippet:-1","max-image-preview":"max-image-preview:large","max-video-preview":"max-video-preview:-1"},"canonical":"https:\/\/eu.mydrap.com\/es\/blog\/nuevas-colecciones-my-drap-manteles-individuales-y-servilletas-de-tela-con-mas-algodon-reciclado\/","og_locale":"es_ES","og_type":"article","og_title":"\u00a1Nuevas colecciones MY DRAP! Manteles individuales y servilletas de tela con m\u00e1s algod\u00f3n reciclado - MY DRAP","og_description":"Falta muy poco para el inicio de la primavera y con ella llegar\u00e1 un estallido de colores y alegr\u00eda. Sin duda, un buen momento para presentarte las nuevas colecciones MY DRAP: manteles individuales y servilletas de tela con dise\u00f1os frescos y originales. \u00a1Desc\u00fabrelos y te sorprender\u00e1s!","og_url":"https:\/\/eu.mydrap.com\/es\/blog\/nuevas-colecciones-my-drap-manteles-individuales-y-servilletas-de-tela-con-mas-algodon-reciclado\/","og_site_name":"MY DRAP","article_published_time":"2019-03-12T12:12:29+00:00","article_modified_time":"2022-10-04T13:09:23+00:00","og_image":[{"url":"https:\/\/eu.mydrap.com\/wp-content\/uploads\/img_blog_portada-7.png","width":640,"height":350,"type":"image\/png"}],"author":"emfasi","twitter_card":"summary_large_image","twitter_misc":{"Escrito por":"emfasi","Tiempo de lectura":"8 minutos"},"schema":{"@context":"https:\/\/schema.org","@graph":[{"@type":"Article","@id":"https:\/\/eu.mydrap.com\/es\/blog\/nuevas-colecciones-my-drap-manteles-individuales-y-servilletas-de-tela-con-mas-algodon-reciclado\/#article","isPartOf":{"@id":"https:\/\/eu.mydrap.com\/es\/blog\/nuevas-colecciones-my-drap-manteles-individuales-y-servilletas-de-tela-con-mas-algodon-reciclado\/"},"author":{"name":"emfasi","@id":"https:\/\/eu.mydrap.com\/es\/#\/schema\/person\/f140827b49cacca2e9e4a3973a3b9a21"},"headline":"\u00a1Nuevas colecciones MY DRAP! Manteles individuales y servilletas de tela con m\u00e1s algod\u00f3n reciclado","datePublished":"2019-03-12T12:12:29+00:00","dateModified":"2022-10-04T13:09:23+00:00","mainEntityOfPage":{"@id":"https:\/\/eu.mydrap.com\/es\/blog\/nuevas-colecciones-my-drap-manteles-individuales-y-servilletas-de-tela-con-mas-algodon-reciclado\/"},"wordCount":1353,"commentCount":9,"publisher":{"@id":"https:\/\/eu.mydrap.com\/es\/#organization"},"image":{"@id":"https:\/\/eu.mydrap.com\/es\/blog\/nuevas-colecciones-my-drap-manteles-individuales-y-servilletas-de-tela-con-mas-algodon-reciclado\/#primaryimage"},"thumbnailUrl":"https:\/\/eu.mydrap.com\/wp-content\/uploads\/img_blog_portada-7.png","keywords":["Servilletas de tela","Manteles individuales","Decoraci\u00f3n de la mesa","Decoraci\u00f3n de fiestas"],"articleSection":["Decoraci\u00f3n de mesas"],"inLanguage":"es","potentialAction":[{"@type":"CommentAction","name":"Comment","target":["https:\/\/eu.mydrap.com\/es\/blog\/nuevas-colecciones-my-drap-manteles-individuales-y-servilletas-de-tela-con-mas-algodon-reciclado\/#respond"]}]},{"@type":["WebPage","ItemPage"],"@id":"https:\/\/eu.mydrap.com\/es\/blog\/nuevas-colecciones-my-drap-manteles-individuales-y-servilletas-de-tela-con-mas-algodon-reciclado\/","url":"https:\/\/eu.mydrap.com\/es\/blog\/nuevas-colecciones-my-drap-manteles-individuales-y-servilletas-de-tela-con-mas-algodon-reciclado\/","name":"\u00a1Nuevas colecciones MY DRAP! Manteles individuales y servilletas de tela con m\u00e1s algod\u00f3n reciclado - MY DRAP","isPartOf":{"@id":"https:\/\/eu.mydrap.com\/es\/#website"},"primaryImageOfPage":{"@id":"https:\/\/eu.mydrap.com\/es\/blog\/nuevas-colecciones-my-drap-manteles-individuales-y-servilletas-de-tela-con-mas-algodon-reciclado\/#primaryimage"},"image":{"@id":"https:\/\/eu.mydrap.com\/es\/blog\/nuevas-colecciones-my-drap-manteles-individuales-y-servilletas-de-tela-con-mas-algodon-reciclado\/#primaryimage"},"thumbnailUrl":"https:\/\/eu.mydrap.com\/wp-content\/uploads\/img_blog_portada-7.png","datePublished":"2019-03-12T12:12:29+00:00","dateModified":"2022-10-04T13:09:23+00:00","description":"Falta muy poco para el inicio de la primavera y con ella llegar\u00e1 un estallido de colores y alegr\u00eda. Sin duda, un buen momento para presentarte las nuevas colecciones MY DRAP: manteles individuales y servilletas de tela con dise\u00f1os frescos y originales. \u00a1Desc\u00fabrelos y te sorprender\u00e1s!","breadcrumb":{"@id":"https:\/\/eu.mydrap.com\/es\/blog\/nuevas-colecciones-my-drap-manteles-individuales-y-servilletas-de-tela-con-mas-algodon-reciclado\/#breadcrumb"},"inLanguage":"es","potentialAction":[{"@type":"ReadAction","target":["https:\/\/eu.mydrap.com\/es\/blog\/nuevas-colecciones-my-drap-manteles-individuales-y-servilletas-de-tela-con-mas-algodon-reciclado\/"]}]},{"@type":"ImageObject","inLanguage":"es","@id":"https:\/\/eu.mydrap.com\/es\/blog\/nuevas-colecciones-my-drap-manteles-individuales-y-servilletas-de-tela-con-mas-algodon-reciclado\/#primaryimage","url":"https:\/\/eu.mydrap.com\/wp-content\/uploads\/img_blog_portada-7.png","contentUrl":"https:\/\/eu.mydrap.com\/wp-content\/uploads\/img_blog_portada-7.png","width":1920,"height":1050},{"@type":"BreadcrumbList","@id":"https:\/\/eu.mydrap.com\/es\/blog\/nuevas-colecciones-my-drap-manteles-individuales-y-servilletas-de-tela-con-mas-algodon-reciclado\/#breadcrumb","itemListElement":[{"@type":"ListItem","position":1,"name":"Portada","item":"https:\/\/eu.mydrap.com\/es\/"},{"@type":"ListItem","position":2,"name":"\u00a1Nuevas colecciones MY DRAP! Manteles individuales y servilletas de tela con m\u00e1s algod\u00f3n reciclado"}]},{"@type":"WebSite","@id":"https:\/\/eu.mydrap.com\/es\/#website","url":"https:\/\/eu.mydrap.com\/es\/","name":"MY DRAP","description":"El detalle que marca la diferencia","publisher":{"@id":"https:\/\/eu.mydrap.com\/es\/#organization"},"potentialAction":[{"@type":"SearchAction","target":{"@type":"EntryPoint","urlTemplate":"https:\/\/eu.mydrap.com\/es\/?s={search_term_string}"},"query-input":{"@type":"PropertyValueSpecification","valueRequired":true,"valueName":"search_term_string"}}],"inLanguage":"es"},{"@type":"Organization","@id":"https:\/\/eu.mydrap.com\/es\/#organization","name":"MY DRAP","url":"https:\/\/eu.mydrap.com\/es\/","logo":{"@type":"ImageObject","inLanguage":"es","@id":"https:\/\/eu.mydrap.com\/es\/#\/schema\/logo\/image\/","url":"https:\/\/eu.mydrap.com\/wp-content\/uploads\/logo_mydrap.png.webp","contentUrl":"https:\/\/eu.mydrap.com\/wp-content\/uploads\/logo_mydrap.png.webp","width":182,"height":60,"caption":"MY DRAP"},"image":{"@id":"https:\/\/eu.mydrap.com\/es\/#\/schema\/logo\/image\/"}},{"@type":"Person","@id":"https:\/\/eu.mydrap.com\/es\/#\/schema\/person\/f140827b49cacca2e9e4a3973a3b9a21","name":"emfasi","sameAs":["https:\/\/eu.mydrap.com"]}]}},"_links":{"self":[{"href":"https:\/\/eu.mydrap.com\/es\/wp-json\/wp\/v2\/posts\/4328","targetHints":{"allow":["GET"]}}],"collection":[{"href":"https:\/\/eu.mydrap.com\/es\/wp-json\/wp\/v2\/posts"}],"about":[{"href":"https:\/\/eu.mydrap.com\/es\/wp-json\/wp\/v2\/types\/post"}],"author":[{"embeddable":true,"href":"https:\/\/eu.mydrap.com\/es\/wp-json\/wp\/v2\/users\/1"}],"replies":[{"embeddable":true,"href":"https:\/\/eu.mydrap.com\/es\/wp-json\/wp\/v2\/comments?post=4328"}],"version-history":[{"count":0,"href":"https:\/\/eu.mydrap.com\/es\/wp-json\/wp\/v2\/posts\/4328\/revisions"}],"wp:featuredmedia":[{"embeddable":true,"href":"https:\/\/eu.mydrap.com\/es\/wp-json\/wp\/v2\/media\/4329"}],"wp:attachment":[{"href":"https:\/\/eu.mydrap.com\/es\/wp-json\/wp\/v2\/media?parent=4328"}],"wp:term":[{"taxonomy":"category","embeddable":true,"href":"https:\/\/eu.mydrap.com\/es\/wp-json\/wp\/v2\/categories?post=4328"},{"taxonomy":"post_tag","embeddable":true,"href":"https:\/\/eu.mydrap.com\/es\/wp-json\/wp\/v2\/tags?post=4328"}],"curies":[{"name":"wp","href":"https:\/\/api.w.org\/{rel}","templated":true}]}}