
{"id":4256,"date":"2018-08-07T07:00:01","date_gmt":"2018-08-07T07:00:01","guid":{"rendered":"https:\/\/eu.mydrap.com\/blog\/manteles-individuales-para-una-comida-marinera\/"},"modified":"2022-10-05T14:10:54","modified_gmt":"2022-10-05T14:10:54","slug":"manteles-individuales-para-una-comida-marinera","status":"publish","type":"post","link":"https:\/\/eu.mydrap.com\/es\/blog\/manteles-individuales-para-una-comida-marinera\/","title":{"rendered":"Manteles individuales para una comida marinera"},"content":{"rendered":"<p>Con pescados y mariscos podemos preparar una gran variedad de recetas de lo m\u00e1s sabrosas y apetecibles. Si adem\u00e1s, acompa\u00f1amos la comida con <a href=\"\/?tipologia_producto=manteles-individuales\"><strong>manteles individuales<\/strong><\/a> <strong>inspirados en una tem\u00e1tica marinera, conseguiremos crear una atm\u00f3sfera fresca y relajante, ideal para disfrutar con los tuyos este verano<\/strong>.<\/p>\n<p>Tradicionalmente los pescadores eran los m\u00e1s expertos en comidas marineras, en muchas ocasiones preparadas en alta mar, en la misma cubierta del barco. Pero, afortunadamente, no es necesario encontrarse en medio del oc\u00e9ano para disfrutar de sus sabores y de su ambiente.<\/p>\n<p>Desde <a href=\"http:\/\/mydrap.com\/blog\/decoracion-bodas-servilletas-tela-marcan-la-diferencia\/\">bodas marineras<\/a> hasta fiestas de aniversario tem\u00e1ticas, o sencillamente una comida con amigos en la que el protagonista es el mar, con toda su belleza y esplendor. Hoy en d\u00eda es muy f\u00e1cil encontrar una \u201cexcusa\u201d para organizar tu propia comida marinera, ya sea cerca del mar o evocando sus encantos desde zonas de interior.<\/p>\n<h2>Decoraci\u00f3n de mesas con manteles individuales<\/h2>\n<p>Si todav\u00eda no est\u00e1s convencido de <strong>las virtudes de los manteles individuales a la hora de vestir la mesa<\/strong>, ya sea para el d\u00eda a d\u00eda o para una celebraci\u00f3n especial, te recordamos algunas de sus ventajas:<\/p>\n<ul>\n<li><strong>Un mantel individual para cada comensal<\/strong>. No hay que preocuparse por las medidas de la mesa, por si el mantel cuelga poco o mucho, por si viene un invitado sorpresa de \u00faltima hora\u2026<\/li>\n<li><strong>Mayor juego en la decoraci\u00f3n de la mesa<\/strong>. Se pueden alternar diferentes dise\u00f1os de manteles individuales y tambi\u00e9n combinarlos con las servilletas de tela. Adem\u00e1s, dan un toque diferente y m\u00e1s moderno a la comida.<\/li>\n<li><strong>Facilitan la tarea de poner y recoger la mesa<\/strong>. R\u00e1pidamente puedes colocarlos en la mesa con la distribuci\u00f3n que m\u00e1s te apetezca, ya sea por motivos pr\u00e1cticos o est\u00e9ticos.<\/li>\n<li><strong>Ocupan poco espacio en casa y, por sus dimensiones, son m\u00e1s pr\u00e1cticos de lavar y planchar<\/strong>. En un momento, se pueden lavar s\u00f3lo aquellos que lo requieran.<\/li>\n<\/ul>\n<p>En definitiva, <strong>los <a href=\"\/?tipologia_producto=manteles-individuales\">manteles individuales<\/a> son una soluci\u00f3n pr\u00e1ctica y est\u00e9tica<\/strong>, ya que actualmente disponemos de una amplia variedad de colores y estampados para vestir la mesa como t\u00fa quieras.<\/p>\n<h2>Manteles individuales para una celebraci\u00f3n marinera<\/h2>\n<p>El mar ha sido fuente de inspiraci\u00f3n para una gran variedad de escritores, m\u00fasicos, poetas\u2026 Y no deber\u00eda extra\u00f1arnos: el mar es calma y movimiento, una l\u00ednea en el horizonte pero tambi\u00e9n toda la profundidad que puedas imaginar. El mar es infinito, es hipn\u00f3tico, el mar es vida.<\/p>\n<p>Todas esas sensaciones pueden trasladarse en la mesa no s\u00f3lo a trav\u00e9s de los ingredientes y los sabores de pescados y mariscos sino tambi\u00e9n con manteles individuales inspirados en ese universo tan m\u00e1gico.<\/p>\n<h3>Colecci\u00f3n Ocean, atractivas ilustraciones<\/h3>\n<p>La\u00a0<a href=\"\/?coleccion=coleccion-ocean\">colecci\u00f3n Ocean<\/a>\u00a0es una de las propuestas m\u00e1s expl\u00edcitas a la hora de acercar el mar a nuestras mesas.\u00a0<strong>Relajantes manteles individuales de color azul y servilletas de tela estampadas con dibujos de animales marinos<\/strong>\u00a0(cuatro dise\u00f1os en 20x20cm y dos de diferentes en las servilletas de tela de 32x32cm).<\/p>\n<p><img decoding=\"async\" class=\"alignleft wp-image-34803 size-full\" src=\"https:\/\/eu.mydrap.com\/wp-content\/uploads\/1_ocean-petita.jpg\" alt=\" width=\" height=\"302\" \/><\/p>\n<p>Se trata, adem\u00e1s de una colecci\u00f3n con <a href=\"http:\/\/mydrap.com\/blog\/algodon-reciclado-complemento-perfecto-momento-slow-food\/\">servilletas de tela de algod\u00f3n reciclado<\/a>, un textil agradable, absorbente y atractivo que dar\u00e1 un toque diferente a tu celebraci\u00f3n. Al ser una apuesta 100% sostenible, se refuerzaese compromiso con la naturaleza y el cuidado por el medio ambiente.<\/p>\n<p><strong>Esta colecci\u00f3n es perfecta\u2026<\/strong> para una comida marinera en familia, donde los m\u00e1s peque\u00f1os disfrutar\u00e1n con los dibujos de las servilletas: creando sus propias historias, dibujando ellos sus animales preferidos\u2026<\/p>\n<p><strong>Una buena idea es&#8230;<\/strong> retar a los m\u00e1s peque\u00f1os para que doblen las servilletas de tela como si fueran barcos \ud83d\ude09<\/p>\n<h3>Colecci\u00f3n Seafood, elegante y sobria<\/h3>\n<p><img decoding=\"async\" class=\"alignleft wp-image-34807 size-full\" src=\"https:\/\/eu.mydrap.com\/wp-content\/uploads\/1_Seafood.jpg\" alt=\" width=\" height=\"302\" \/><\/p>\n<p>La\u00a0<a href=\"\/?coleccion=coleccion-seafood\">colecci\u00f3n Seafood<\/a>\u00a0tiene un estampado m\u00e1s abstracto pero, sin duda alguna, consigue evocar tambi\u00e9n un ambiente totalmente marinero.\u00a0<strong>Incluye manteles individuales de color azul con una elegante cenefa punteada en blanco, mientras que las servilletas de tela mantienen el dise\u00f1o con los colores invertidos<\/strong>.<\/p>\n<p>Si lo prefieres, tambi\u00e9n puedes combinar los manteles individuales con servilletas de tela de la colecci\u00f3n Basics en azul o crudo.<\/p>\n<p><strong>Esa colecci\u00f3n es perfecta\u2026<\/strong> para una comida marinera m\u00e1s sofisticada.<\/p>\n<p><strong>Una buena idea es\u2026<\/strong> colocar los manteles individuales (m\u00e1s oscuros) en una mesa blanca o de color madera clara, para aportar luminosidad y generar un contraste de colores y materiales tambi\u00e9n muy mar\u00edtimos.<\/p>\n<h3>Colecci\u00f3n Summer Muslin, ligera y divertida<\/h3>\n<p><img decoding=\"async\" class=\"alignleft wp-image-34810 size-full\" src=\"https:\/\/eu.mydrap.com\/wp-content\/uploads\/1_Muslin.jpg\" alt=\" width=\" height=\"302\" \/><\/p>\n<p>Si lo que est\u00e1s buscando es refrescar el ambiente, disfrutar de una comida informal y alegre, una de las colecciones m\u00e1s indicadas es la <a href=\"\/?coleccion=muslin\">Summer Muslin<\/a>, <strong>estampada con un entrelazado de l\u00edneas azules en un fondo blanco. Un dise\u00f1o vivo, ligero y refrescante, perfecto para un encuentro en familia o amigos<\/strong>. En este caso, los manteles individuales y las servilletas de tela tienen el mismo dise\u00f1o, creando un conjunto arm\u00f3nico en la mesa.<\/p>\n<p><strong>Esa colecci\u00f3n es perfecta\u2026<\/strong> para una comida improvisada al aire libre.<\/p>\n<p><strong>Una buena idea es\u2026<\/strong> servir la comida en recipientes de vidrio de diferentes tama\u00f1os, para contribuir a esa atm\u00f3sfera et\u00e9rea y gr\u00e1cil.<\/p>\n<h3>Colecci\u00f3n Ola, la atracci\u00f3n del movimiento<\/h3>\n<p><img decoding=\"async\" class=\"alignleft wp-image-34813 size-full\" src=\"https:\/\/eu.mydrap.com\/wp-content\/uploads\/1_Ola.jpg\" alt=\" width=\" height=\"302\" \/><\/p>\n<p>Los amantes del surf, en cualquiera de sus modalidades, encontrar\u00e1n en ese dise\u00f1o la fuerza y el movimiento que tanto les gusta. La <a href=\"\/?coleccion=ola\">colecci\u00f3n Ola<\/a> reproduce <strong>los fascinantes efectos que crea el viento, ya sea en el mar (con el estampado en azul marino de las servilletas de tela) o en la arena (representada por el crudo de los manteles individuales).<\/strong><\/p>\n<p><strong>Esa colecci\u00f3n es perfecta\u2026<\/strong> para los nost\u00e1lgicos de los a\u00f1os sesenta y sus dise\u00f1os m\u00e1s psicod\u00e9licos<\/p>\n<p><strong>Una buena idea es\u2026<\/strong> decorar la mesa con recipientes de vidrio enrollados con rafia y en el interior colocar flores, velas&#8230;, la rafia combina perfectamente con la tonalidad de los manteles individuales \ud83d\ude09<\/p>\n<h3>Colecci\u00f3n Basics<\/h3>\n<p><img decoding=\"async\" class=\"alignleft wp-image-34816 size-full\" src=\"https:\/\/eu.mydrap.com\/wp-content\/uploads\/1_Aquamarina.jpg\" alt=\" width=\" height=\"302\" \/>Como te explicamos en un <a href=\"http:\/\/mydrap.com\/blog\/servilletas-tela-vestir-la-mesa-terraza-jardin\/\">art\u00edculo anterior dedicado a la decoraci\u00f3n de mesas para terraza y jard\u00edn<\/a>, otra f\u00f3rmula para crear un ambiente refrescante es utilizar <a href=\"\/?product_cat=basics\/basics-algodon\">manteles individuales y servilletas de tela lisos, especialmente con tonalidades de azul y verde<\/a>.<\/p>\n<p>Si te gustan los colores claros y resplandecientes, con un toque de turquesa, te recomendamos echar un vistazo a las colecciones Aquamarina, Verde Caribe o Azul Mar. Si en cambio, prefieres textiles con m\u00e1s presencia puedes optar por tonalidades m\u00e1s oscuras como el Azul Royal o el Azul Petr\u00f3leo. En cualquiera de los casos <strong>puedes combinar tus colores preferidos de manteles individuales y servilletas de tela para alternar tonalidades y crear una mesa todav\u00eda m\u00e1s personalizada<\/strong>.<\/p>\n<h2>Ideas para tu comida marinera<\/h2>\n<p>Ya hemos comprado los manteles individuales y las servilletas de tela para la mesa, tambi\u00e9n hemos pensado alg\u00fan detalle decorativo para sorprender a nuestros invitados, ahora s\u00f3lo nos falta\u2026 \u00a1servir los platos! Si no tienes experiencia en comidas marineras, te proponemos a continuaci\u00f3n algunas recetas para empezar a inspirarte: patatas marineras con sepia y gambas, salteado de garbanzos con pulpo y mejillones, croquetas de bonito, escabeche de sardinas, la cl\u00e1sica zarzuela\u2026 Sin duda, la lista es infinita, el \u00fanico requisito es contar con pescados y mariscos de temporada y si puede ser de proximidad, as\u00ed te aseguras una mejor calidad. \u00a1Que aproveche!<\/p>\n","protected":false},"excerpt":{"rendered":"<p>Con pescados y mariscos podemos preparar una gran variedad de recetas de lo m\u00e1s sabrosas y apetecibles. Si adem\u00e1s, acompa\u00f1amos la comida con manteles individuales inspirados en una tem\u00e1tica marinera, conseguiremos crear una atm\u00f3sfera fresca y relajante.<\/p>\n","protected":false},"author":1,"featured_media":4257,"comment_status":"open","ping_status":"open","sticky":false,"template":"","format":"standard","meta":{"_acf_changed":false,"mc4wp_mailchimp_campaign":[],"footnotes":""},"categories":[39],"tags":[129,130,131,138],"class_list":["post-4256","post","type-post","status-publish","format-standard","has-post-thumbnail","hentry","category-decoracion-de-mesas","tag-servilletas-de-tela","tag-manteles-individuales","tag-decoracion-de-la-mesa","tag-comidas-informales"],"acf":[],"yoast_head":"<!-- This site is optimized with the Yoast SEO plugin v27.4 - https:\/\/yoast.com\/product\/yoast-seo-wordpress\/ -->\n<title>Manteles individuales para una comida marinera - MY DRAP<\/title>\n<meta name=\"description\" content=\"Con pescados y mariscos podemos preparar una gran variedad de recetas de lo m\u00e1s sabrosas y apetecibles. Si adem\u00e1s, acompa\u00f1amos la comida con manteles individuales inspirados en una tem\u00e1tica marinera, conseguiremos crear una atm\u00f3sfera fresca y relajante.\" \/>\n<meta name=\"robots\" content=\"index, follow, max-snippet:-1, max-image-preview:large, max-video-preview:-1\" \/>\n<link rel=\"canonical\" href=\"https:\/\/eu.mydrap.com\/es\/blog\/manteles-individuales-para-una-comida-marinera\/\" \/>\n<meta property=\"og:locale\" content=\"es_ES\" \/>\n<meta property=\"og:type\" content=\"article\" \/>\n<meta property=\"og:title\" content=\"Manteles individuales para una comida marinera - MY DRAP\" \/>\n<meta property=\"og:description\" content=\"Con pescados y mariscos podemos preparar una gran variedad de recetas de lo m\u00e1s sabrosas y apetecibles. Si adem\u00e1s, acompa\u00f1amos la comida con manteles individuales inspirados en una tem\u00e1tica marinera, conseguiremos crear una atm\u00f3sfera fresca y relajante.\" \/>\n<meta property=\"og:url\" content=\"https:\/\/eu.mydrap.com\/es\/blog\/manteles-individuales-para-una-comida-marinera\/\" \/>\n<meta property=\"og:site_name\" content=\"MY DRAP\" \/>\n<meta property=\"article:published_time\" content=\"2018-08-07T07:00:01+00:00\" \/>\n<meta property=\"article:modified_time\" content=\"2022-10-05T14:10:54+00:00\" \/>\n<meta property=\"og:image\" content=\"https:\/\/eu.mydrap.com\/wp-content\/uploads\/Portada-7.jpg\" \/>\n\t<meta property=\"og:image:width\" content=\"1920\" \/>\n\t<meta property=\"og:image:height\" content=\"1050\" \/>\n\t<meta property=\"og:image:type\" content=\"image\/jpeg\" \/>\n<meta name=\"author\" content=\"emfasi\" \/>\n<meta name=\"twitter:card\" content=\"summary_large_image\" \/>\n<meta name=\"twitter:label1\" content=\"Escrito por\" \/>\n\t<meta name=\"twitter:data1\" content=\"emfasi\" \/>\n\t<meta name=\"twitter:label2\" content=\"Tiempo de lectura\" \/>\n\t<meta name=\"twitter:data2\" content=\"7 minutos\" \/>\n<script type=\"application\/ld+json\" class=\"yoast-schema-graph\">{\"@context\":\"https:\\\/\\\/schema.org\",\"@graph\":[{\"@type\":\"Article\",\"@id\":\"https:\\\/\\\/eu.mydrap.com\\\/es\\\/blog\\\/manteles-individuales-para-una-comida-marinera\\\/#article\",\"isPartOf\":{\"@id\":\"https:\\\/\\\/eu.mydrap.com\\\/es\\\/blog\\\/manteles-individuales-para-una-comida-marinera\\\/\"},\"author\":{\"name\":\"emfasi\",\"@id\":\"https:\\\/\\\/eu.mydrap.com\\\/es\\\/#\\\/schema\\\/person\\\/f140827b49cacca2e9e4a3973a3b9a21\"},\"headline\":\"Manteles individuales para una comida marinera\",\"datePublished\":\"2018-08-07T07:00:01+00:00\",\"dateModified\":\"2022-10-05T14:10:54+00:00\",\"mainEntityOfPage\":{\"@id\":\"https:\\\/\\\/eu.mydrap.com\\\/es\\\/blog\\\/manteles-individuales-para-una-comida-marinera\\\/\"},\"wordCount\":1260,\"commentCount\":5,\"publisher\":{\"@id\":\"https:\\\/\\\/eu.mydrap.com\\\/es\\\/#organization\"},\"image\":{\"@id\":\"https:\\\/\\\/eu.mydrap.com\\\/es\\\/blog\\\/manteles-individuales-para-una-comida-marinera\\\/#primaryimage\"},\"thumbnailUrl\":\"https:\\\/\\\/eu.mydrap.com\\\/wp-content\\\/uploads\\\/Portada-7.jpg\",\"keywords\":[\"Servilletas de tela\",\"Manteles individuales\",\"Decoraci\u00f3n de la mesa\",\"Comidas informales\"],\"articleSection\":[\"Decoraci\u00f3n de mesas\"],\"inLanguage\":\"es\",\"potentialAction\":[{\"@type\":\"CommentAction\",\"name\":\"Comment\",\"target\":[\"https:\\\/\\\/eu.mydrap.com\\\/es\\\/blog\\\/manteles-individuales-para-una-comida-marinera\\\/#respond\"]}]},{\"@type\":[\"WebPage\",\"ItemPage\"],\"@id\":\"https:\\\/\\\/eu.mydrap.com\\\/es\\\/blog\\\/manteles-individuales-para-una-comida-marinera\\\/\",\"url\":\"https:\\\/\\\/eu.mydrap.com\\\/es\\\/blog\\\/manteles-individuales-para-una-comida-marinera\\\/\",\"name\":\"Manteles individuales para una comida marinera - MY DRAP\",\"isPartOf\":{\"@id\":\"https:\\\/\\\/eu.mydrap.com\\\/es\\\/#website\"},\"primaryImageOfPage\":{\"@id\":\"https:\\\/\\\/eu.mydrap.com\\\/es\\\/blog\\\/manteles-individuales-para-una-comida-marinera\\\/#primaryimage\"},\"image\":{\"@id\":\"https:\\\/\\\/eu.mydrap.com\\\/es\\\/blog\\\/manteles-individuales-para-una-comida-marinera\\\/#primaryimage\"},\"thumbnailUrl\":\"https:\\\/\\\/eu.mydrap.com\\\/wp-content\\\/uploads\\\/Portada-7.jpg\",\"datePublished\":\"2018-08-07T07:00:01+00:00\",\"dateModified\":\"2022-10-05T14:10:54+00:00\",\"description\":\"Con pescados y mariscos podemos preparar una gran variedad de recetas de lo m\u00e1s sabrosas y apetecibles. Si adem\u00e1s, acompa\u00f1amos la comida con manteles individuales inspirados en una tem\u00e1tica marinera, conseguiremos crear una atm\u00f3sfera fresca y relajante.\",\"breadcrumb\":{\"@id\":\"https:\\\/\\\/eu.mydrap.com\\\/es\\\/blog\\\/manteles-individuales-para-una-comida-marinera\\\/#breadcrumb\"},\"inLanguage\":\"es\",\"potentialAction\":[{\"@type\":\"ReadAction\",\"target\":[\"https:\\\/\\\/eu.mydrap.com\\\/es\\\/blog\\\/manteles-individuales-para-una-comida-marinera\\\/\"]}]},{\"@type\":\"ImageObject\",\"inLanguage\":\"es\",\"@id\":\"https:\\\/\\\/eu.mydrap.com\\\/es\\\/blog\\\/manteles-individuales-para-una-comida-marinera\\\/#primaryimage\",\"url\":\"https:\\\/\\\/eu.mydrap.com\\\/wp-content\\\/uploads\\\/Portada-7.jpg\",\"contentUrl\":\"https:\\\/\\\/eu.mydrap.com\\\/wp-content\\\/uploads\\\/Portada-7.jpg\",\"width\":1920,\"height\":1050},{\"@type\":\"BreadcrumbList\",\"@id\":\"https:\\\/\\\/eu.mydrap.com\\\/es\\\/blog\\\/manteles-individuales-para-una-comida-marinera\\\/#breadcrumb\",\"itemListElement\":[{\"@type\":\"ListItem\",\"position\":1,\"name\":\"Portada\",\"item\":\"https:\\\/\\\/eu.mydrap.com\\\/es\\\/\"},{\"@type\":\"ListItem\",\"position\":2,\"name\":\"Manteles individuales para una comida marinera\"}]},{\"@type\":\"WebSite\",\"@id\":\"https:\\\/\\\/eu.mydrap.com\\\/es\\\/#website\",\"url\":\"https:\\\/\\\/eu.mydrap.com\\\/es\\\/\",\"name\":\"MY DRAP\",\"description\":\"El detalle que marca la diferencia\",\"publisher\":{\"@id\":\"https:\\\/\\\/eu.mydrap.com\\\/es\\\/#organization\"},\"potentialAction\":[{\"@type\":\"SearchAction\",\"target\":{\"@type\":\"EntryPoint\",\"urlTemplate\":\"https:\\\/\\\/eu.mydrap.com\\\/es\\\/?s={search_term_string}\"},\"query-input\":{\"@type\":\"PropertyValueSpecification\",\"valueRequired\":true,\"valueName\":\"search_term_string\"}}],\"inLanguage\":\"es\"},{\"@type\":\"Organization\",\"@id\":\"https:\\\/\\\/eu.mydrap.com\\\/es\\\/#organization\",\"name\":\"MY DRAP\",\"url\":\"https:\\\/\\\/eu.mydrap.com\\\/es\\\/\",\"logo\":{\"@type\":\"ImageObject\",\"inLanguage\":\"es\",\"@id\":\"https:\\\/\\\/eu.mydrap.com\\\/es\\\/#\\\/schema\\\/logo\\\/image\\\/\",\"url\":\"https:\\\/\\\/eu.mydrap.com\\\/wp-content\\\/uploads\\\/logo_mydrap.png.webp\",\"contentUrl\":\"https:\\\/\\\/eu.mydrap.com\\\/wp-content\\\/uploads\\\/logo_mydrap.png.webp\",\"width\":182,\"height\":60,\"caption\":\"MY DRAP\"},\"image\":{\"@id\":\"https:\\\/\\\/eu.mydrap.com\\\/es\\\/#\\\/schema\\\/logo\\\/image\\\/\"}},{\"@type\":\"Person\",\"@id\":\"https:\\\/\\\/eu.mydrap.com\\\/es\\\/#\\\/schema\\\/person\\\/f140827b49cacca2e9e4a3973a3b9a21\",\"name\":\"emfasi\",\"sameAs\":[\"https:\\\/\\\/eu.mydrap.com\"]}]}<\/script>\n<!-- \/ Yoast SEO plugin. -->","yoast_head_json":{"title":"Manteles individuales para una comida marinera - MY DRAP","description":"Con pescados y mariscos podemos preparar una gran variedad de recetas de lo m\u00e1s sabrosas y apetecibles. Si adem\u00e1s, acompa\u00f1amos la comida con manteles individuales inspirados en una tem\u00e1tica marinera, conseguiremos crear una atm\u00f3sfera fresca y relajante.","robots":{"index":"index","follow":"follow","max-snippet":"max-snippet:-1","max-image-preview":"max-image-preview:large","max-video-preview":"max-video-preview:-1"},"canonical":"https:\/\/eu.mydrap.com\/es\/blog\/manteles-individuales-para-una-comida-marinera\/","og_locale":"es_ES","og_type":"article","og_title":"Manteles individuales para una comida marinera - MY DRAP","og_description":"Con pescados y mariscos podemos preparar una gran variedad de recetas de lo m\u00e1s sabrosas y apetecibles. Si adem\u00e1s, acompa\u00f1amos la comida con manteles individuales inspirados en una tem\u00e1tica marinera, conseguiremos crear una atm\u00f3sfera fresca y relajante.","og_url":"https:\/\/eu.mydrap.com\/es\/blog\/manteles-individuales-para-una-comida-marinera\/","og_site_name":"MY DRAP","article_published_time":"2018-08-07T07:00:01+00:00","article_modified_time":"2022-10-05T14:10:54+00:00","og_image":[{"width":1920,"height":1050,"url":"https:\/\/eu.mydrap.com\/wp-content\/uploads\/Portada-7.jpg","type":"image\/jpeg"}],"author":"emfasi","twitter_card":"summary_large_image","twitter_misc":{"Escrito por":"emfasi","Tiempo de lectura":"7 minutos"},"schema":{"@context":"https:\/\/schema.org","@graph":[{"@type":"Article","@id":"https:\/\/eu.mydrap.com\/es\/blog\/manteles-individuales-para-una-comida-marinera\/#article","isPartOf":{"@id":"https:\/\/eu.mydrap.com\/es\/blog\/manteles-individuales-para-una-comida-marinera\/"},"author":{"name":"emfasi","@id":"https:\/\/eu.mydrap.com\/es\/#\/schema\/person\/f140827b49cacca2e9e4a3973a3b9a21"},"headline":"Manteles individuales para una comida marinera","datePublished":"2018-08-07T07:00:01+00:00","dateModified":"2022-10-05T14:10:54+00:00","mainEntityOfPage":{"@id":"https:\/\/eu.mydrap.com\/es\/blog\/manteles-individuales-para-una-comida-marinera\/"},"wordCount":1260,"commentCount":5,"publisher":{"@id":"https:\/\/eu.mydrap.com\/es\/#organization"},"image":{"@id":"https:\/\/eu.mydrap.com\/es\/blog\/manteles-individuales-para-una-comida-marinera\/#primaryimage"},"thumbnailUrl":"https:\/\/eu.mydrap.com\/wp-content\/uploads\/Portada-7.jpg","keywords":["Servilletas de tela","Manteles individuales","Decoraci\u00f3n de la mesa","Comidas informales"],"articleSection":["Decoraci\u00f3n de mesas"],"inLanguage":"es","potentialAction":[{"@type":"CommentAction","name":"Comment","target":["https:\/\/eu.mydrap.com\/es\/blog\/manteles-individuales-para-una-comida-marinera\/#respond"]}]},{"@type":["WebPage","ItemPage"],"@id":"https:\/\/eu.mydrap.com\/es\/blog\/manteles-individuales-para-una-comida-marinera\/","url":"https:\/\/eu.mydrap.com\/es\/blog\/manteles-individuales-para-una-comida-marinera\/","name":"Manteles individuales para una comida marinera - MY DRAP","isPartOf":{"@id":"https:\/\/eu.mydrap.com\/es\/#website"},"primaryImageOfPage":{"@id":"https:\/\/eu.mydrap.com\/es\/blog\/manteles-individuales-para-una-comida-marinera\/#primaryimage"},"image":{"@id":"https:\/\/eu.mydrap.com\/es\/blog\/manteles-individuales-para-una-comida-marinera\/#primaryimage"},"thumbnailUrl":"https:\/\/eu.mydrap.com\/wp-content\/uploads\/Portada-7.jpg","datePublished":"2018-08-07T07:00:01+00:00","dateModified":"2022-10-05T14:10:54+00:00","description":"Con pescados y mariscos podemos preparar una gran variedad de recetas de lo m\u00e1s sabrosas y apetecibles. Si adem\u00e1s, acompa\u00f1amos la comida con manteles individuales inspirados en una tem\u00e1tica marinera, conseguiremos crear una atm\u00f3sfera fresca y relajante.","breadcrumb":{"@id":"https:\/\/eu.mydrap.com\/es\/blog\/manteles-individuales-para-una-comida-marinera\/#breadcrumb"},"inLanguage":"es","potentialAction":[{"@type":"ReadAction","target":["https:\/\/eu.mydrap.com\/es\/blog\/manteles-individuales-para-una-comida-marinera\/"]}]},{"@type":"ImageObject","inLanguage":"es","@id":"https:\/\/eu.mydrap.com\/es\/blog\/manteles-individuales-para-una-comida-marinera\/#primaryimage","url":"https:\/\/eu.mydrap.com\/wp-content\/uploads\/Portada-7.jpg","contentUrl":"https:\/\/eu.mydrap.com\/wp-content\/uploads\/Portada-7.jpg","width":1920,"height":1050},{"@type":"BreadcrumbList","@id":"https:\/\/eu.mydrap.com\/es\/blog\/manteles-individuales-para-una-comida-marinera\/#breadcrumb","itemListElement":[{"@type":"ListItem","position":1,"name":"Portada","item":"https:\/\/eu.mydrap.com\/es\/"},{"@type":"ListItem","position":2,"name":"Manteles individuales para una comida marinera"}]},{"@type":"WebSite","@id":"https:\/\/eu.mydrap.com\/es\/#website","url":"https:\/\/eu.mydrap.com\/es\/","name":"MY DRAP","description":"El detalle que marca la diferencia","publisher":{"@id":"https:\/\/eu.mydrap.com\/es\/#organization"},"potentialAction":[{"@type":"SearchAction","target":{"@type":"EntryPoint","urlTemplate":"https:\/\/eu.mydrap.com\/es\/?s={search_term_string}"},"query-input":{"@type":"PropertyValueSpecification","valueRequired":true,"valueName":"search_term_string"}}],"inLanguage":"es"},{"@type":"Organization","@id":"https:\/\/eu.mydrap.com\/es\/#organization","name":"MY DRAP","url":"https:\/\/eu.mydrap.com\/es\/","logo":{"@type":"ImageObject","inLanguage":"es","@id":"https:\/\/eu.mydrap.com\/es\/#\/schema\/logo\/image\/","url":"https:\/\/eu.mydrap.com\/wp-content\/uploads\/logo_mydrap.png.webp","contentUrl":"https:\/\/eu.mydrap.com\/wp-content\/uploads\/logo_mydrap.png.webp","width":182,"height":60,"caption":"MY DRAP"},"image":{"@id":"https:\/\/eu.mydrap.com\/es\/#\/schema\/logo\/image\/"}},{"@type":"Person","@id":"https:\/\/eu.mydrap.com\/es\/#\/schema\/person\/f140827b49cacca2e9e4a3973a3b9a21","name":"emfasi","sameAs":["https:\/\/eu.mydrap.com"]}]}},"_links":{"self":[{"href":"https:\/\/eu.mydrap.com\/es\/wp-json\/wp\/v2\/posts\/4256","targetHints":{"allow":["GET"]}}],"collection":[{"href":"https:\/\/eu.mydrap.com\/es\/wp-json\/wp\/v2\/posts"}],"about":[{"href":"https:\/\/eu.mydrap.com\/es\/wp-json\/wp\/v2\/types\/post"}],"author":[{"embeddable":true,"href":"https:\/\/eu.mydrap.com\/es\/wp-json\/wp\/v2\/users\/1"}],"replies":[{"embeddable":true,"href":"https:\/\/eu.mydrap.com\/es\/wp-json\/wp\/v2\/comments?post=4256"}],"version-history":[{"count":0,"href":"https:\/\/eu.mydrap.com\/es\/wp-json\/wp\/v2\/posts\/4256\/revisions"}],"wp:featuredmedia":[{"embeddable":true,"href":"https:\/\/eu.mydrap.com\/es\/wp-json\/wp\/v2\/media\/4257"}],"wp:attachment":[{"href":"https:\/\/eu.mydrap.com\/es\/wp-json\/wp\/v2\/media?parent=4256"}],"wp:term":[{"taxonomy":"category","embeddable":true,"href":"https:\/\/eu.mydrap.com\/es\/wp-json\/wp\/v2\/categories?post=4256"},{"taxonomy":"post_tag","embeddable":true,"href":"https:\/\/eu.mydrap.com\/es\/wp-json\/wp\/v2\/tags?post=4256"}],"curies":[{"name":"wp","href":"https:\/\/api.w.org\/{rel}","templated":true}]}}